{"id":489,"date":"2025-03-15T13:48:44","date_gmt":"2025-03-15T12:48:44","guid":{"rendered":"https:\/\/www.historisches-bahnwasserkraftwerk-kammerl.de\/?p=489"},"modified":"2025-03-16T09:04:35","modified_gmt":"2025-03-16T08:04:35","slug":"oeffnungszeiten-im-jubilaeumsjahr-2025","status":"publish","type":"post","link":"https:\/\/www.historisches-bahnwasserkraftwerk-kammerl.de\/?p=489","title":{"rendered":"\u00d6ffnungszeiten im Jubil\u00e4umsjahr 2025"},"content":{"rendered":"\n<p>Liebe Interessierte,<\/p>\n\n\n\n<p>im Jahr 2025 feiern wir ein Dreifach-Jubil\u00e4um rund um die Strecke Murnau-Oberammergau und das Kraftwerk Kammerl:<br><br>125 Jahre Inbetriebnahme der Strecke Murnau \u2013 Oberammergau und des Kraftwerks Kammerl<br>120 Jahre elektrischer Zugbetrieb mit niederfrequentem Bahnstrom vom Kammerl<br>100 Jahre Vollendung der Elektrifizierung der Werdenfelsbahn mit erstem Ellok-bespannten Schnellzug<br>Garmisch-Partenkirchen &#8211; M\u00fcnchen<\/p>\n\n\n\n<p><br>Wir planen auch dieses Jahr in der Zeit zwischen Mai und November jeden zweiten und vierten Sonntag im Monat Ihnen die historische Maschinenhalle zu pr\u00e4sentieren. <br>Zus\u00e4tzlich ist eine Festwoche zwischen dem Tag des offenen Denkmals am 14.09.2025 und dem Tag der Schiene am 21.09.2025 geplant. In dieser Woche sollen t\u00e4glich F\u00fchrungen stattfinden.<br>Die \u00d6ffnungszeiten werden zwischen 11:00 Uhr und 16:00 Uhr sein, die F\u00fchrungen in diesem Zeitraum werden zu jeder vollen Stunde starten, die letzte um 15:00 Uhr. <br><br>Informationen finden Sie auch auf unserer Internetseite unter folgendem Link:<br><a href=\"https:\/\/www.historisches-bahnwasserkraftwerk-kammerl.de\/?page_id=151\">Termine und \u00d6ffnungszeiten &#8211; F\u00f6rderverein historisches Bahnwasserkraftwerk Kammerl e.V. (historisches-bahnwasserkraftwerk-kammerl.de)<\/a><br><\/p>\n\n\n\n<p>Sollten Sie eine gesonderte F\u00fchrung oder eine F\u00fchrung mit speziellen Inhalten w\u00fcnschen, wenden Sie sich gerne an uns unter der E-Mailadresse info {at} historisches-bahnwasserkraftwerk-kammerl.de<br><br>Wir freuen uns auf Ihren Besuch.<br><\/p>\n","protected":false},"excerpt":{"rendered":"<p>Liebe Interessierte, im Jahr 2025 feiern wir ein Dreifach-Jubil\u00e4um rund um die Strecke Murnau-Oberammergau und das Kraftwerk Kammerl: 125 Jahre &hellip; <a href=\"https:\/\/www.historisches-bahnwasserkraftwerk-kammerl.de\/?p=489\" class=\"more-link\"><span class=\"more-button\">Continue reading &gt;<span class=\"screen-reader-text\">\u00d6ffnungszeiten im Jubil\u00e4umsjahr 2025<\/span><\/span><\/a><\/p>\n","protected":false},"author":1,"featured_media":0,"comment_status":"closed","ping_status":"closed","sticky":false,"template":"","format":"standard","meta":{"footnotes":""},"categories":[1],"tags":[],"class_list":["post-489","post","type-post","status-publish","format-standard","hentry","category-allgemein"],"yoast_head":"<!-- This site is optimized with the Yoast SEO plugin v27.5 - https:\/\/yoast.com\/product\/yoast-seo-wordpress\/ -->\n<title>\u00d6ffnungszeiten im Jubil\u00e4umsjahr 2025 - F\u00f6rderverein historisches Bahn-Wasserkraftwerk Kammerl e.V.<\/title>\n<meta name=\"robots\" content=\"index, follow, max-snippet:-1, max-image-preview:large, max-video-preview:-1\" \/>\n<link rel=\"canonical\" href=\"https:\/\/www.historisches-bahnwasserkraftwerk-kammerl.de\/?p=489\" \/>\n<meta property=\"og:locale\" content=\"de_DE\" \/>\n<meta property=\"og:type\" content=\"article\" \/>\n<meta property=\"og:title\" content=\"\u00d6ffnungszeiten im Jubil\u00e4umsjahr 2025 - F\u00f6rderverein historisches Bahn-Wasserkraftwerk Kammerl e.V.\" \/>\n<meta property=\"og:description\" content=\"Liebe Interessierte, im Jahr 2025 feiern wir ein Dreifach-Jubil\u00e4um rund um die Strecke Murnau-Oberammergau und das Kraftwerk Kammerl: 125 Jahre &hellip; Continue reading &gt;\u00d6ffnungszeiten im Jubil\u00e4umsjahr 2025\" \/>\n<meta property=\"og:url\" content=\"https:\/\/www.historisches-bahnwasserkraftwerk-kammerl.de\/?p=489\" \/>\n<meta property=\"og:site_name\" content=\"F\u00f6rderverein historisches Bahn-Wasserkraftwerk Kammerl e.V.\" \/>\n<meta property=\"article:published_time\" content=\"2025-03-15T12:48:44+00:00\" \/>\n<meta property=\"article:modified_time\" content=\"2025-03-16T08:04:35+00:00\" \/>\n<meta name=\"author\" content=\"Webmaster\" \/>\n<meta name=\"twitter:card\" content=\"summary_large_image\" \/>\n<meta name=\"twitter:label1\" content=\"Verfasst von\" \/>\n\t<meta name=\"twitter:data1\" content=\"Webmaster\" \/>\n\t<meta name=\"twitter:label2\" content=\"Gesch\u00e4tzte Lesezeit\" \/>\n\t<meta name=\"twitter:data2\" content=\"1\u00a0Minute\" \/>\n<script type=\"application\/ld+json\" class=\"yoast-schema-graph\">{\"@context\":\"https:\\\/\\\/schema.org\",\"@graph\":[{\"@type\":\"Article\",\"@id\":\"https:\\\/\\\/www.historisches-bahnwasserkraftwerk-kammerl.de\\\/?p=489#article\",\"isPartOf\":{\"@id\":\"https:\\\/\\\/www.historisches-bahnwasserkraftwerk-kammerl.de\\\/?p=489\"},\"author\":{\"name\":\"Webmaster\",\"@id\":\"https:\\\/\\\/www.historisches-bahnwasserkraftwerk-kammerl.de\\\/#\\\/schema\\\/person\\\/a18f442131b7bc4e5e1d6b7890c31baf\"},\"headline\":\"\u00d6ffnungszeiten im Jubil\u00e4umsjahr 2025\",\"datePublished\":\"2025-03-15T12:48:44+00:00\",\"dateModified\":\"2025-03-16T08:04:35+00:00\",\"mainEntityOfPage\":{\"@id\":\"https:\\\/\\\/www.historisches-bahnwasserkraftwerk-kammerl.de\\\/?p=489\"},\"wordCount\":188,\"publisher\":{\"@id\":\"https:\\\/\\\/www.historisches-bahnwasserkraftwerk-kammerl.de\\\/#\\\/schema\\\/person\\\/a18f442131b7bc4e5e1d6b7890c31baf\"},\"inLanguage\":\"de\"},{\"@type\":\"WebPage\",\"@id\":\"https:\\\/\\\/www.historisches-bahnwasserkraftwerk-kammerl.de\\\/?p=489\",\"url\":\"https:\\\/\\\/www.historisches-bahnwasserkraftwerk-kammerl.de\\\/?p=489\",\"name\":\"\u00d6ffnungszeiten im Jubil\u00e4umsjahr 2025 - F\u00f6rderverein historisches Bahn-Wasserkraftwerk Kammerl e.V.\",\"isPartOf\":{\"@id\":\"https:\\\/\\\/www.historisches-bahnwasserkraftwerk-kammerl.de\\\/#website\"},\"datePublished\":\"2025-03-15T12:48:44+00:00\",\"dateModified\":\"2025-03-16T08:04:35+00:00\",\"breadcrumb\":{\"@id\":\"https:\\\/\\\/www.historisches-bahnwasserkraftwerk-kammerl.de\\\/?p=489#breadcrumb\"},\"inLanguage\":\"de\",\"potentialAction\":[{\"@type\":\"ReadAction\",\"target\":[\"https:\\\/\\\/www.historisches-bahnwasserkraftwerk-kammerl.de\\\/?p=489\"]}]},{\"@type\":\"BreadcrumbList\",\"@id\":\"https:\\\/\\\/www.historisches-bahnwasserkraftwerk-kammerl.de\\\/?p=489#breadcrumb\",\"itemListElement\":[{\"@type\":\"ListItem\",\"position\":1,\"name\":\"Startseite\",\"item\":\"https:\\\/\\\/www.historisches-bahnwasserkraftwerk-kammerl.de\\\/\"},{\"@type\":\"ListItem\",\"position\":2,\"name\":\"\u00d6ffnungszeiten im Jubil\u00e4umsjahr 2025\"}]},{\"@type\":\"WebSite\",\"@id\":\"https:\\\/\\\/www.historisches-bahnwasserkraftwerk-kammerl.de\\\/#website\",\"url\":\"https:\\\/\\\/www.historisches-bahnwasserkraftwerk-kammerl.de\\\/\",\"name\":\"F\u00f6rderverein historisches Bahnwasserkraftwerk Kammerl e.V.\",\"description\":\"\",\"publisher\":{\"@id\":\"https:\\\/\\\/www.historisches-bahnwasserkraftwerk-kammerl.de\\\/#\\\/schema\\\/person\\\/a18f442131b7bc4e5e1d6b7890c31baf\"},\"potentialAction\":[{\"@type\":\"SearchAction\",\"target\":{\"@type\":\"EntryPoint\",\"urlTemplate\":\"https:\\\/\\\/www.historisches-bahnwasserkraftwerk-kammerl.de\\\/?s={search_term_string}\"},\"query-input\":{\"@type\":\"PropertyValueSpecification\",\"valueRequired\":true,\"valueName\":\"search_term_string\"}}],\"inLanguage\":\"de\"},{\"@type\":[\"Person\",\"Organization\"],\"@id\":\"https:\\\/\\\/www.historisches-bahnwasserkraftwerk-kammerl.de\\\/#\\\/schema\\\/person\\\/a18f442131b7bc4e5e1d6b7890c31baf\",\"name\":\"Webmaster\",\"image\":{\"@type\":\"ImageObject\",\"inLanguage\":\"de\",\"@id\":\"https:\\\/\\\/www.historisches-bahnwasserkraftwerk-kammerl.de\\\/wp-content\\\/uploads\\\/2026\\\/03\\\/cropped-FV-Kammerl_Logo_neu-1.png\",\"url\":\"https:\\\/\\\/www.historisches-bahnwasserkraftwerk-kammerl.de\\\/wp-content\\\/uploads\\\/2026\\\/03\\\/cropped-FV-Kammerl_Logo_neu-1.png\",\"contentUrl\":\"https:\\\/\\\/www.historisches-bahnwasserkraftwerk-kammerl.de\\\/wp-content\\\/uploads\\\/2026\\\/03\\\/cropped-FV-Kammerl_Logo_neu-1.png\",\"width\":300,\"height\":79,\"caption\":\"Webmaster\"},\"logo\":{\"@id\":\"https:\\\/\\\/www.historisches-bahnwasserkraftwerk-kammerl.de\\\/wp-content\\\/uploads\\\/2026\\\/03\\\/cropped-FV-Kammerl_Logo_neu-1.png\"},\"url\":\"https:\\\/\\\/www.historisches-bahnwasserkraftwerk-kammerl.de\\\/?author=1\"}]}<\/script>\n<!-- \/ Yoast SEO plugin. -->","yoast_head_json":{"title":"\u00d6ffnungszeiten im Jubil\u00e4umsjahr 2025 - F\u00f6rderverein historisches Bahn-Wasserkraftwerk Kammerl e.V.","robots":{"index":"index","follow":"follow","max-snippet":"max-snippet:-1","max-image-preview":"max-image-preview:large","max-video-preview":"max-video-preview:-1"},"canonical":"https:\/\/www.historisches-bahnwasserkraftwerk-kammerl.de\/?p=489","og_locale":"de_DE","og_type":"article","og_title":"\u00d6ffnungszeiten im Jubil\u00e4umsjahr 2025 - F\u00f6rderverein historisches Bahn-Wasserkraftwerk Kammerl e.V.","og_description":"Liebe Interessierte, im Jahr 2025 feiern wir ein Dreifach-Jubil\u00e4um rund um die Strecke Murnau-Oberammergau und das Kraftwerk Kammerl: 125 Jahre &hellip; Continue reading &gt;\u00d6ffnungszeiten im Jubil\u00e4umsjahr 2025","og_url":"https:\/\/www.historisches-bahnwasserkraftwerk-kammerl.de\/?p=489","og_site_name":"F\u00f6rderverein historisches Bahn-Wasserkraftwerk Kammerl e.V.","article_published_time":"2025-03-15T12:48:44+00:00","article_modified_time":"2025-03-16T08:04:35+00:00","author":"Webmaster","twitter_card":"summary_large_image","twitter_misc":{"Verfasst von":"Webmaster","Gesch\u00e4tzte Lesezeit":"1\u00a0Minute"},"schema":{"@context":"https:\/\/schema.org","@graph":[{"@type":"Article","@id":"https:\/\/www.historisches-bahnwasserkraftwerk-kammerl.de\/?p=489#article","isPartOf":{"@id":"https:\/\/www.historisches-bahnwasserkraftwerk-kammerl.de\/?p=489"},"author":{"name":"Webmaster","@id":"https:\/\/www.historisches-bahnwasserkraftwerk-kammerl.de\/#\/schema\/person\/a18f442131b7bc4e5e1d6b7890c31baf"},"headline":"\u00d6ffnungszeiten im Jubil\u00e4umsjahr 2025","datePublished":"2025-03-15T12:48:44+00:00","dateModified":"2025-03-16T08:04:35+00:00","mainEntityOfPage":{"@id":"https:\/\/www.historisches-bahnwasserkraftwerk-kammerl.de\/?p=489"},"wordCount":188,"publisher":{"@id":"https:\/\/www.historisches-bahnwasserkraftwerk-kammerl.de\/#\/schema\/person\/a18f442131b7bc4e5e1d6b7890c31baf"},"inLanguage":"de"},{"@type":"WebPage","@id":"https:\/\/www.historisches-bahnwasserkraftwerk-kammerl.de\/?p=489","url":"https:\/\/www.historisches-bahnwasserkraftwerk-kammerl.de\/?p=489","name":"\u00d6ffnungszeiten im Jubil\u00e4umsjahr 2025 - F\u00f6rderverein historisches Bahn-Wasserkraftwerk Kammerl e.V.","isPartOf":{"@id":"https:\/\/www.historisches-bahnwasserkraftwerk-kammerl.de\/#website"},"datePublished":"2025-03-15T12:48:44+00:00","dateModified":"2025-03-16T08:04:35+00:00","breadcrumb":{"@id":"https:\/\/www.historisches-bahnwasserkraftwerk-kammerl.de\/?p=489#breadcrumb"},"inLanguage":"de","potentialAction":[{"@type":"ReadAction","target":["https:\/\/www.historisches-bahnwasserkraftwerk-kammerl.de\/?p=489"]}]},{"@type":"BreadcrumbList","@id":"https:\/\/www.historisches-bahnwasserkraftwerk-kammerl.de\/?p=489#breadcrumb","itemListElement":[{"@type":"ListItem","position":1,"name":"Startseite","item":"https:\/\/www.historisches-bahnwasserkraftwerk-kammerl.de\/"},{"@type":"ListItem","position":2,"name":"\u00d6ffnungszeiten im Jubil\u00e4umsjahr 2025"}]},{"@type":"WebSite","@id":"https:\/\/www.historisches-bahnwasserkraftwerk-kammerl.de\/#website","url":"https:\/\/www.historisches-bahnwasserkraftwerk-kammerl.de\/","name":"F\u00f6rderverein historisches Bahnwasserkraftwerk Kammerl e.V.","description":"","publisher":{"@id":"https:\/\/www.historisches-bahnwasserkraftwerk-kammerl.de\/#\/schema\/person\/a18f442131b7bc4e5e1d6b7890c31baf"},"potentialAction":[{"@type":"SearchAction","target":{"@type":"EntryPoint","urlTemplate":"https:\/\/www.historisches-bahnwasserkraftwerk-kammerl.de\/?s={search_term_string}"},"query-input":{"@type":"PropertyValueSpecification","valueRequired":true,"valueName":"search_term_string"}}],"inLanguage":"de"},{"@type":["Person","Organization"],"@id":"https:\/\/www.historisches-bahnwasserkraftwerk-kammerl.de\/#\/schema\/person\/a18f442131b7bc4e5e1d6b7890c31baf","name":"Webmaster","image":{"@type":"ImageObject","inLanguage":"de","@id":"https:\/\/www.historisches-bahnwasserkraftwerk-kammerl.de\/wp-content\/uploads\/2026\/03\/cropped-FV-Kammerl_Logo_neu-1.png","url":"https:\/\/www.historisches-bahnwasserkraftwerk-kammerl.de\/wp-content\/uploads\/2026\/03\/cropped-FV-Kammerl_Logo_neu-1.png","contentUrl":"https:\/\/www.historisches-bahnwasserkraftwerk-kammerl.de\/wp-content\/uploads\/2026\/03\/cropped-FV-Kammerl_Logo_neu-1.png","width":300,"height":79,"caption":"Webmaster"},"logo":{"@id":"https:\/\/www.historisches-bahnwasserkraftwerk-kammerl.de\/wp-content\/uploads\/2026\/03\/cropped-FV-Kammerl_Logo_neu-1.png"},"url":"https:\/\/www.historisches-bahnwasserkraftwerk-kammerl.de\/?author=1"}]}},"_links":{"self":[{"href":"https:\/\/www.historisches-bahnwasserkraftwerk-kammerl.de\/index.php?rest_route=\/wp\/v2\/posts\/489","targetHints":{"allow":["GET"]}}],"collection":[{"href":"https:\/\/www.historisches-bahnwasserkraftwerk-kammerl.de\/index.php?rest_route=\/wp\/v2\/posts"}],"about":[{"href":"https:\/\/www.historisches-bahnwasserkraftwerk-kammerl.de\/index.php?rest_route=\/wp\/v2\/types\/post"}],"author":[{"embeddable":true,"href":"https:\/\/www.historisches-bahnwasserkraftwerk-kammerl.de\/index.php?rest_route=\/wp\/v2\/users\/1"}],"replies":[{"embeddable":true,"href":"https:\/\/www.historisches-bahnwasserkraftwerk-kammerl.de\/index.php?rest_route=%2Fwp%2Fv2%2Fcomments&post=489"}],"version-history":[{"count":4,"href":"https:\/\/www.historisches-bahnwasserkraftwerk-kammerl.de\/index.php?rest_route=\/wp\/v2\/posts\/489\/revisions"}],"predecessor-version":[{"id":500,"href":"https:\/\/www.historisches-bahnwasserkraftwerk-kammerl.de\/index.php?rest_route=\/wp\/v2\/posts\/489\/revisions\/500"}],"wp:attachment":[{"href":"https:\/\/www.historisches-bahnwasserkraftwerk-kammerl.de\/index.php?rest_route=%2Fwp%2Fv2%2Fmedia&parent=489"}],"wp:term":[{"taxonomy":"category","embeddable":true,"href":"https:\/\/www.historisches-bahnwasserkraftwerk-kammerl.de\/index.php?rest_route=%2Fwp%2Fv2%2Fcategories&post=489"},{"taxonomy":"post_tag","embeddable":true,"href":"https:\/\/www.historisches-bahnwasserkraftwerk-kammerl.de\/index.php?rest_route=%2Fwp%2Fv2%2Ftags&post=489"}],"curies":[{"name":"wp","href":"https:\/\/api.w.org\/{rel}","templated":true}]}}